{"id":1289,"date":"2018-04-17T12:47:02","date_gmt":"2018-04-17T12:47:02","guid":{"rendered":"http:\/\/www.liferelict.ect.uevora.pt\/?p=1289"},"modified":"2021-06-08T15:04:38","modified_gmt":"2021-06-08T15:04:38","slug":"1o-seminario-life-relict-e-ja-no-proximo-mes-de-novembro","status":"publish","type":"post","link":"http:\/\/www.liferelict.ect.uevora.pt\/index.php\/2018\/04\/17\/1o-seminario-life-relict-e-ja-no-proximo-mes-de-novembro\/","title":{"rendered":"1\u00ba Semin\u00e1rio LIFE-RELICT \u00e9 j\u00e1 no pr\u00f3ximo m\u00eas de Novembro, 2018."},"content":{"rendered":"<p><img loading=\"lazy\" class=\" wp-image-1295 alignleft\" src=\"http:\/\/www.liferelict.ect.uevora.pt\/wp-content\/uploads\/2018\/04\/Foto1.jpg\" alt=\"\" width=\"377\" height=\"245\" srcset=\"http:\/\/www.liferelict.ect.uevora.pt\/wp-content\/uploads\/2018\/04\/Foto1.jpg 462w, http:\/\/www.liferelict.ect.uevora.pt\/wp-content\/uploads\/2018\/04\/Foto1-300x195.jpg 300w\" sizes=\"(max-width: 377px) 100vw, 377px\" \/>Em novembro decorrer\u00e1 na Universidade de \u00c9vora o primeiro Semin\u00e1rio do Projeto <strong>Life-Relict<\/strong>, que ser\u00e1 feito em simult\u00e2neo com o 17\u00ba Encontro Nacional de Ecologia.<\/p>\n<p>Este evento cient\u00edfico encontra-se dividido em 4 t\u00f3picos: Grandes amea\u00e7as \u00e0 conserva\u00e7\u00e3o da biodiversidade; Gest\u00e3o e conserva\u00e7\u00e3o de esp\u00e9cies e habitats; Ecologia, gest\u00e3o e planeamento de ecossistemas aqu\u00e1ticos, e Monitoriza\u00e7\u00e3o e modela\u00e7\u00e3o de habitats em resposta a altera\u00e7\u00f5es globais.<\/p>\n<p>Ser\u00e1 uma oportunidade \u00fanica para assistir a palestras nas \u00e1reas mais importantes da ecologia contempor\u00e2nea e para apresentar trabalhos nesta \u00e1rea. O primeiro dia do semin\u00e1rio (dia <strong>Life-Relict<\/strong>) \u00e9 gratuito, mas sujeito a inscri\u00e7\u00e3o.<\/p>\n<p>Inscrevam-se nos dois dias ou s\u00f3 no dia LIFE em: <a href=\"http:\/\/www.speco.pt\/pt\/encontros\/17-encontro-nacional-de-ecologia-seminario-life-relict\">http:\/\/www.speco.pt\/pt\/encontros\/17-encontro-nacional-de-ecologia-seminario-life-relict<\/a><\/p>\n<p>&nbsp;<\/p>\n<p>&nbsp;<\/p>","protected":false},"excerpt":{"rendered":"<p>Em novembro decorrer\u00e1 na Universidade de \u00c9vora o primeiro Semin\u00e1rio do Projeto Life-Relict, que ser\u00e1 feito em simult\u00e2neo com o 17\u00ba Encontro Nacional de Ecologia. Este evento cient\u00edfico encontra-se dividido em 4 t\u00f3picos: Grandes amea\u00e7as \u00e0 conserva\u00e7\u00e3o da biodiversidade; Gest\u00e3o e conserva\u00e7\u00e3o de esp\u00e9cies e habitats; Ecologia, gest\u00e3o e planeamento de ecossistemas aqu\u00e1ticos, e Monitoriza\u00e7\u00e3o &hellip; <\/p>\n<p><a class=\"more-link btn\" href=\"http:\/\/www.liferelict.ect.uevora.pt\/index.php\/2018\/04\/17\/1o-seminario-life-relict-e-ja-no-proximo-mes-de-novembro\/\">Continue a ler<\/a><\/p>\n","protected":false},"author":1,"featured_media":0,"comment_status":"open","ping_status":"open","sticky":false,"template":"","format":"standard","meta":[],"categories":[1],"tags":[],"_links":{"self":[{"href":"http:\/\/www.liferelict.ect.uevora.pt\/index.php\/wp-json\/wp\/v2\/posts\/1289"}],"collection":[{"href":"http:\/\/www.liferelict.ect.uevora.pt\/index.php\/wp-json\/wp\/v2\/posts"}],"about":[{"href":"http:\/\/www.liferelict.ect.uevora.pt\/index.php\/wp-json\/wp\/v2\/types\/post"}],"author":[{"embeddable":true,"href":"http:\/\/www.liferelict.ect.uevora.pt\/index.php\/wp-json\/wp\/v2\/users\/1"}],"replies":[{"embeddable":true,"href":"http:\/\/www.liferelict.ect.uevora.pt\/index.php\/wp-json\/wp\/v2\/comments?post=1289"}],"version-history":[{"count":8,"href":"http:\/\/www.liferelict.ect.uevora.pt\/index.php\/wp-json\/wp\/v2\/posts\/1289\/revisions"}],"predecessor-version":[{"id":12187,"href":"http:\/\/www.liferelict.ect.uevora.pt\/index.php\/wp-json\/wp\/v2\/posts\/1289\/revisions\/12187"}],"wp:attachment":[{"href":"http:\/\/www.liferelict.ect.uevora.pt\/index.php\/wp-json\/wp\/v2\/media?parent=1289"}],"wp:term":[{"taxonomy":"category","embeddable":true,"href":"http:\/\/www.liferelict.ect.uevora.pt\/index.php\/wp-json\/wp\/v2\/categories?post=1289"},{"taxonomy":"post_tag","embeddable":true,"href":"http:\/\/www.liferelict.ect.uevora.pt\/index.php\/wp-json\/wp\/v2\/tags?post=1289"}],"curies":[{"name":"wp","href":"https:\/\/api.w.org\/{rel}","templated":true}]}}