{"id":1609,"date":"2018-10-11T10:24:22","date_gmt":"2018-10-11T10:24:22","guid":{"rendered":"http:\/\/www.liferelict.ect.uevora.pt\/?p=1609"},"modified":"2023-11-10T11:24:52","modified_gmt":"2023-11-10T11:24:52","slug":"1609","status":"publish","type":"post","link":"http:\/\/www.liferelict.ect.uevora.pt\/index.php\/2018\/10\/11\/1609\/","title":{"rendered":"1\u00aa Jornada T\u00e9cnica sobre Valoriza\u00e7\u00e3o e Gest\u00e3o dos Azereirais Mediterr\u00e2nicos na Mata da Margara\u00e7a"},"content":{"rendered":"<p><a href=\"http:\/\/www.liferelict.ect.uevora.pt\/wp-content\/uploads\/2018\/10\/E4.2_marga2018.jpg\"><img loading=\"lazy\" class=\"alignleft size-medium wp-image-16878\" src=\"http:\/\/www.liferelict.ect.uevora.pt\/wp-content\/uploads\/2018\/10\/E4.2_marga2018-300x200.jpg\" alt=\"\" width=\"300\" height=\"200\" srcset=\"http:\/\/www.liferelict.ect.uevora.pt\/wp-content\/uploads\/2018\/10\/E4.2_marga2018-300x200.jpg 300w, http:\/\/www.liferelict.ect.uevora.pt\/wp-content\/uploads\/2018\/10\/E4.2_marga2018-1024x682.jpg 1024w, http:\/\/www.liferelict.ect.uevora.pt\/wp-content\/uploads\/2018\/10\/E4.2_marga2018-768x512.jpg 768w, http:\/\/www.liferelict.ect.uevora.pt\/wp-content\/uploads\/2018\/10\/E4.2_marga2018-1536x1024.jpg 1536w, http:\/\/www.liferelict.ect.uevora.pt\/wp-content\/uploads\/2018\/10\/E4.2_marga2018-1370x913.jpg 1370w, http:\/\/www.liferelict.ect.uevora.pt\/wp-content\/uploads\/2018\/10\/E4.2_marga2018.jpg 1688w\" sizes=\"(max-width: 300px) 100vw, 300px\" \/><\/a>No dia 8 de junho de 2018, o projeto <strong>Life-Relict<\/strong> organizou, em parceria com o Centro Interpretativo da Mata da Margara\u00e7a, a 1\u00aa Jornada T\u00e9cnica na Mata da Margara\u00e7a, intitulada \u201cValoriza\u00e7\u00e3o e Gest\u00e3o dos Azereirais Mediterr\u00e2nicos\u201d. A jornada contou com mais de 35 participantes representantes de associa\u00e7\u00f5es como a Quercus, ICNF, Reflorestar Portugal, Cicytex, o Munic\u00edpio de Oleiros, Centro de Ecologia Funcional e um grupo de sapadores florestais. Esta jornada pretendeu dar a conhecer os azereirais, identificar o seu estado de conserva\u00e7\u00e3o e divulgar pr\u00e1ticas de gest\u00e3o deste <em>habitat<\/em> sujeito a v\u00e1rias amea\u00e7as.<\/p>\n<p>Na primeira parte da jornada foi apresentado o projeto <strong>Life-Relict<\/strong> e os seus objetivos. A jornada prosseguiu com uma visita t\u00e9cnica de campo no seio da Mata da Margara\u00e7a, onde est\u00e1 um dos melhores azereirais peninsulares. No grupo sentiu-se um esp\u00edrito de partilha entre todos os participantes, que contribu\u00edram com os seus saberes enriquecendo assim esta a\u00e7\u00e3o. Ao longo de todo o dia a m\u00edstica Mata da Margara\u00e7a mostrou-se ao p\u00fablico num cen\u00e1rio verdejante e fresco pela chuva. O resultado foi muito positivo, no fim do dia o sol brindou-nos com o brilhar das flores dos azereiros.<\/p>\n<p>A jornada foi dinamizada pelos formadores\/oradores Carlos Pinto Gomes e Catarina Meireles da Universidade de \u00c9vora.<\/p>","protected":false},"excerpt":{"rendered":"<p>No dia 8 de junho de 2018, o projeto Life-Relict organizou, em parceria com o Centro Interpretativo da Mata da Margara\u00e7a, a 1\u00aa Jornada T\u00e9cnica na Mata da Margara\u00e7a, intitulada \u201cValoriza\u00e7\u00e3o e Gest\u00e3o dos Azereirais Mediterr\u00e2nicos\u201d. A jornada contou com mais de 35 participantes representantes de associa\u00e7\u00f5es como a Quercus, ICNF, Reflorestar Portugal, Cicytex, o &hellip; <\/p>\n<p><a class=\"more-link btn\" href=\"http:\/\/www.liferelict.ect.uevora.pt\/index.php\/2018\/10\/11\/1609\/\">Continue a ler<\/a><\/p>\n","protected":false},"author":1,"featured_media":16878,"comment_status":"open","ping_status":"open","sticky":false,"template":"","format":"standard","meta":[],"categories":[1],"tags":[],"_links":{"self":[{"href":"http:\/\/www.liferelict.ect.uevora.pt\/index.php\/wp-json\/wp\/v2\/posts\/1609"}],"collection":[{"href":"http:\/\/www.liferelict.ect.uevora.pt\/index.php\/wp-json\/wp\/v2\/posts"}],"about":[{"href":"http:\/\/www.liferelict.ect.uevora.pt\/index.php\/wp-json\/wp\/v2\/types\/post"}],"author":[{"embeddable":true,"href":"http:\/\/www.liferelict.ect.uevora.pt\/index.php\/wp-json\/wp\/v2\/users\/1"}],"replies":[{"embeddable":true,"href":"http:\/\/www.liferelict.ect.uevora.pt\/index.php\/wp-json\/wp\/v2\/comments?post=1609"}],"version-history":[{"count":18,"href":"http:\/\/www.liferelict.ect.uevora.pt\/index.php\/wp-json\/wp\/v2\/posts\/1609\/revisions"}],"predecessor-version":[{"id":16881,"href":"http:\/\/www.liferelict.ect.uevora.pt\/index.php\/wp-json\/wp\/v2\/posts\/1609\/revisions\/16881"}],"wp:featuredmedia":[{"embeddable":true,"href":"http:\/\/www.liferelict.ect.uevora.pt\/index.php\/wp-json\/wp\/v2\/media\/16878"}],"wp:attachment":[{"href":"http:\/\/www.liferelict.ect.uevora.pt\/index.php\/wp-json\/wp\/v2\/media?parent=1609"}],"wp:term":[{"taxonomy":"category","embeddable":true,"href":"http:\/\/www.liferelict.ect.uevora.pt\/index.php\/wp-json\/wp\/v2\/categories?post=1609"},{"taxonomy":"post_tag","embeddable":true,"href":"http:\/\/www.liferelict.ect.uevora.pt\/index.php\/wp-json\/wp\/v2\/tags?post=1609"}],"curies":[{"name":"wp","href":"https:\/\/api.w.org\/{rel}","templated":true}]}}