{"id":16216,"date":"2023-11-06T21:49:01","date_gmt":"2023-11-06T21:49:01","guid":{"rendered":"http:\/\/www.liferelict.ect.uevora.pt\/?p=16216"},"modified":"2023-11-06T21:49:52","modified_gmt":"2023-11-06T21:49:52","slug":"voluntarios-ajudam-a-preservar-o-azereiral","status":"publish","type":"post","link":"http:\/\/www.liferelict.ect.uevora.pt\/index.php\/2023\/11\/06\/voluntarios-ajudam-a-preservar-o-azereiral\/","title":{"rendered":"Volunt\u00e1rios ajudam a preservar o azereiral"},"content":{"rendered":"<p><img loading=\"lazy\" class=\"alignleft size-medium wp-image-16219\" src=\"http:\/\/www.liferelict.ect.uevora.pt\/wp-content\/uploads\/2023\/11\/E3.4_exoticas-Seia-300x81.jpg\" alt=\"\" width=\"300\" height=\"81\" srcset=\"http:\/\/www.liferelict.ect.uevora.pt\/wp-content\/uploads\/2023\/11\/E3.4_exoticas-Seia-300x81.jpg 300w, http:\/\/www.liferelict.ect.uevora.pt\/wp-content\/uploads\/2023\/11\/E3.4_exoticas-Seia.jpg 663w\" sizes=\"(max-width: 300px) 100vw, 300px\" \/>Em Cabe\u00e7a, Seia, durante o ano de 2022 foram dinamizadas duas a\u00e7\u00f5es com volunt\u00e1rios. A primeira, para celebrar o Dia da Terra realizou-se uma planta\u00e7\u00e3o com 8 volunt\u00e1rios ao longo da Rota do Azereiro onde se plantou 20 exemplares desta Rel\u00edquia da Laurissilva Continental. A segunda a\u00e7\u00e3o, promovida pelo CISE atrav\u00e9s de Alexandre Silva e com a colabora\u00e7\u00e3o do Movimento Estrela Viva, teve como principais objetivos: i) identificar plantas ex\u00f3ticas e invasoras; ii) transmitir conhecimentos sobre o controlo de plantas invasoras (mimosa e h\u00e1quea-picante); iii) demonstrar a import\u00e2ncia do controlo de seguimento e aplicar as t\u00e9cnicas de descasque e arranque em mimosa. Apesar de a participa\u00e7\u00e3o ter sido s\u00f3 de dez pessoas, este evento foi muito prof\u00edcuo devido \u00e0s carater\u00edsticas dos participantes. Ali\u00e1s, sendo um movimento c\u00edvico local, foi poss\u00edvel criar sinergia para o \u00e2mbito do plano p\u00f3s-LIFE.<\/p>","protected":false},"excerpt":{"rendered":"<p>Em Cabe\u00e7a, Seia, durante o ano de 2022 foram dinamizadas duas a\u00e7\u00f5es com volunt\u00e1rios. A primeira, para celebrar o Dia da Terra realizou-se uma planta\u00e7\u00e3o com 8 volunt\u00e1rios ao longo da Rota do Azereiro onde se plantou 20 exemplares desta Rel\u00edquia da Laurissilva Continental. A segunda a\u00e7\u00e3o, promovida pelo CISE atrav\u00e9s de Alexandre Silva e &hellip; <\/p>\n<p><a class=\"more-link btn\" href=\"http:\/\/www.liferelict.ect.uevora.pt\/index.php\/2023\/11\/06\/voluntarios-ajudam-a-preservar-o-azereiral\/\">Continue a ler<\/a><\/p>\n","protected":false},"author":5,"featured_media":16219,"comment_status":"open","ping_status":"open","sticky":false,"template":"","format":"standard","meta":[],"categories":[1],"tags":[],"_links":{"self":[{"href":"http:\/\/www.liferelict.ect.uevora.pt\/index.php\/wp-json\/wp\/v2\/posts\/16216"}],"collection":[{"href":"http:\/\/www.liferelict.ect.uevora.pt\/index.php\/wp-json\/wp\/v2\/posts"}],"about":[{"href":"http:\/\/www.liferelict.ect.uevora.pt\/index.php\/wp-json\/wp\/v2\/types\/post"}],"author":[{"embeddable":true,"href":"http:\/\/www.liferelict.ect.uevora.pt\/index.php\/wp-json\/wp\/v2\/users\/5"}],"replies":[{"embeddable":true,"href":"http:\/\/www.liferelict.ect.uevora.pt\/index.php\/wp-json\/wp\/v2\/comments?post=16216"}],"version-history":[{"count":3,"href":"http:\/\/www.liferelict.ect.uevora.pt\/index.php\/wp-json\/wp\/v2\/posts\/16216\/revisions"}],"predecessor-version":[{"id":16228,"href":"http:\/\/www.liferelict.ect.uevora.pt\/index.php\/wp-json\/wp\/v2\/posts\/16216\/revisions\/16228"}],"wp:featuredmedia":[{"embeddable":true,"href":"http:\/\/www.liferelict.ect.uevora.pt\/index.php\/wp-json\/wp\/v2\/media\/16219"}],"wp:attachment":[{"href":"http:\/\/www.liferelict.ect.uevora.pt\/index.php\/wp-json\/wp\/v2\/media?parent=16216"}],"wp:term":[{"taxonomy":"category","embeddable":true,"href":"http:\/\/www.liferelict.ect.uevora.pt\/index.php\/wp-json\/wp\/v2\/categories?post=16216"},{"taxonomy":"post_tag","embeddable":true,"href":"http:\/\/www.liferelict.ect.uevora.pt\/index.php\/wp-json\/wp\/v2\/tags?post=16216"}],"curies":[{"name":"wp","href":"https:\/\/api.w.org\/{rel}","templated":true}]}}