{"id":1769,"date":"2019-01-30T16:23:58","date_gmt":"2019-01-30T16:23:58","guid":{"rendered":"http:\/\/www.liferelict.ect.uevora.pt\/?p=1769"},"modified":"2023-11-10T11:29:00","modified_gmt":"2023-11-10T11:29:00","slug":"seminario-life-relict-17o-encontro-nacional-de-ecologia","status":"publish","type":"post","link":"http:\/\/www.liferelict.ect.uevora.pt\/index.php\/2019\/01\/30\/seminario-life-relict-17o-encontro-nacional-de-ecologia\/","title":{"rendered":"1\u00ba Semin\u00e1rio do Life-Relict em conjunto com o 17\u00ba Encontro Nacional de Ecologia"},"content":{"rendered":"<p><a href=\"http:\/\/www.liferelict.ect.uevora.pt\/wp-content\/uploads\/2019\/01\/E4.1_evora2018.jpg\"><img loading=\"lazy\" class=\"alignleft size-medium wp-image-16884\" src=\"http:\/\/www.liferelict.ect.uevora.pt\/wp-content\/uploads\/2019\/01\/E4.1_evora2018-300x202.jpg\" alt=\"\" width=\"300\" height=\"202\" srcset=\"http:\/\/www.liferelict.ect.uevora.pt\/wp-content\/uploads\/2019\/01\/E4.1_evora2018-300x202.jpg 300w, http:\/\/www.liferelict.ect.uevora.pt\/wp-content\/uploads\/2019\/01\/E4.1_evora2018-1024x689.jpg 1024w, http:\/\/www.liferelict.ect.uevora.pt\/wp-content\/uploads\/2019\/01\/E4.1_evora2018-768x517.jpg 768w, http:\/\/www.liferelict.ect.uevora.pt\/wp-content\/uploads\/2019\/01\/E4.1_evora2018-1536x1033.jpg 1536w, http:\/\/www.liferelict.ect.uevora.pt\/wp-content\/uploads\/2019\/01\/E4.1_evora2018-1370x922.jpg 1370w, http:\/\/www.liferelict.ect.uevora.pt\/wp-content\/uploads\/2019\/01\/E4.1_evora2018.jpg 1672w\" sizes=\"(max-width: 300px) 100vw, 300px\" \/><\/a>O 1\u00ba Semin\u00e1rio do Projeto <strong>Life-Relict<\/strong> em conjunto com o 17\u00ba Encontro Nacional de Ecologia realizou-se nos dias\u00a015 e 16 de novembro de 2018,\u00a0na Universidade de \u00c9vora, promovido pela Escola de Ci\u00eancia e Tecnologia da Universidade de \u00c9vora e\u00a0em estreita colabora\u00e7\u00e3o com a Sociedade Portuguesa de Ecologia (SPECO). O evento contou com mais de 180 participantes nacionais e estrangeiros. No painel das apresenta\u00e7\u00f5es abordaram-se quatro grandes temas relacionados com a valoriza\u00e7\u00e3o da natureza, nomeadamente:<\/p>\n<ul>\n<li>Grandes amea\u00e7as \u00e0 conserva\u00e7\u00e3o da biodiversidade;<\/li>\n<li>Gest\u00e3o e conserva\u00e7\u00e3o de esp\u00e9cies e habitats;<\/li>\n<li>Ecologia, gest\u00e3o e planeamento de ecossistemas aqu\u00e1ticos;<\/li>\n<li>Monitoriza\u00e7\u00e3o e modela\u00e7\u00e3o de habitats em resposta a altera\u00e7\u00f5es globais.<\/li>\n<\/ul>\n<p>Contou tamb\u00e9m com a presen\u00e7a de um conjunto de oradores veteranos que acumulam d\u00e9cadas de experi\u00eancia como \u00e9 exemplo do professor Angel Penas e do Tom\u00e1z Dias, da vizinha Espanha. Assim, houve a possibilidade de uma troca de experi\u00eancias entre investigadores e alunos, onde os projetos <em>Life<\/em> tiveram um especial destaque.<\/p>\n<p>Relativamente ao projeto <strong>Life-Relict<\/strong> (NAT\/PT\/000754) divulgaram-se os primeiros resultados das interven\u00e7\u00f5es realizadas, nomeadamente sobre melhoria do estado de conserva\u00e7\u00e3o das comunidades paleotropicais de azereiro na Serra do A\u00e7or e Estrela, bem como de adelfeira na Serra de Monchique.<\/p>\n<p>&nbsp;<\/p>","protected":false},"excerpt":{"rendered":"<p>O 1\u00ba Semin\u00e1rio do Projeto Life-Relict em conjunto com o 17\u00ba Encontro Nacional de Ecologia realizou-se nos dias\u00a015 e 16 de novembro de 2018,\u00a0na Universidade de \u00c9vora, promovido pela Escola de Ci\u00eancia e Tecnologia da Universidade de \u00c9vora e\u00a0em estreita colabora\u00e7\u00e3o com a Sociedade Portuguesa de Ecologia (SPECO). O evento contou com mais de 180 &hellip; <\/p>\n<p><a class=\"more-link btn\" href=\"http:\/\/www.liferelict.ect.uevora.pt\/index.php\/2019\/01\/30\/seminario-life-relict-17o-encontro-nacional-de-ecologia\/\">Continue a ler<\/a><\/p>\n","protected":false},"author":5,"featured_media":16884,"comment_status":"open","ping_status":"open","sticky":false,"template":"","format":"standard","meta":[],"categories":[1],"tags":[],"_links":{"self":[{"href":"http:\/\/www.liferelict.ect.uevora.pt\/index.php\/wp-json\/wp\/v2\/posts\/1769"}],"collection":[{"href":"http:\/\/www.liferelict.ect.uevora.pt\/index.php\/wp-json\/wp\/v2\/posts"}],"about":[{"href":"http:\/\/www.liferelict.ect.uevora.pt\/index.php\/wp-json\/wp\/v2\/types\/post"}],"author":[{"embeddable":true,"href":"http:\/\/www.liferelict.ect.uevora.pt\/index.php\/wp-json\/wp\/v2\/users\/5"}],"replies":[{"embeddable":true,"href":"http:\/\/www.liferelict.ect.uevora.pt\/index.php\/wp-json\/wp\/v2\/comments?post=1769"}],"version-history":[{"count":15,"href":"http:\/\/www.liferelict.ect.uevora.pt\/index.php\/wp-json\/wp\/v2\/posts\/1769\/revisions"}],"predecessor-version":[{"id":16887,"href":"http:\/\/www.liferelict.ect.uevora.pt\/index.php\/wp-json\/wp\/v2\/posts\/1769\/revisions\/16887"}],"wp:featuredmedia":[{"embeddable":true,"href":"http:\/\/www.liferelict.ect.uevora.pt\/index.php\/wp-json\/wp\/v2\/media\/16884"}],"wp:attachment":[{"href":"http:\/\/www.liferelict.ect.uevora.pt\/index.php\/wp-json\/wp\/v2\/media?parent=1769"}],"wp:term":[{"taxonomy":"category","embeddable":true,"href":"http:\/\/www.liferelict.ect.uevora.pt\/index.php\/wp-json\/wp\/v2\/categories?post=1769"},{"taxonomy":"post_tag","embeddable":true,"href":"http:\/\/www.liferelict.ect.uevora.pt\/index.php\/wp-json\/wp\/v2\/tags?post=1769"}],"curies":[{"name":"wp","href":"https:\/\/api.w.org\/{rel}","templated":true}]}}